{"id":255,"date":"2012-06-05T08:21:21","date_gmt":"2012-06-05T08:21:21","guid":{"rendered":"http:\/\/www.caiad.fr\/?p=255"},"modified":"2012-06-05T08:21:21","modified_gmt":"2012-06-05T08:21:21","slug":"assemblee-generale-ordinaire","status":"publish","type":"post","link":"http:\/\/www.caiad.fr\/?p=255","title":{"rendered":"Assembl\u00e9e G\u00e9n\u00e9rale Ordinaire"},"content":{"rendered":"<p align=\"JUSTIFY\"><span style=\"color: #2d2d2d;\"><span style=\"font-family: Arial,sans-serif;\"><span style=\"font-size: small;\">L&rsquo; assembl\u00e9e g\u00e9n\u00e9rale ordinaire du C.A.I.A.D.  aura lieu le mercredi 27 juin 2012, \u00e0 19h30, \u00e0 la salle de cours.<\/span><\/span><\/span><\/p>\n<p align=\"JUSTIFY\"><span style=\"color: #2d2d2d;\"><span style=\"font-family: Arial,sans-serif;\"><span style=\"font-size: small;\">L&rsquo;ordre du jour sera le suivant :<\/span><\/span><\/span><\/p>\n<ul>\n<li><span style=\"color: #2d2d2d;\"><span style=\"font-family: Arial,sans-serif;\"><span style=\"font-size: small;\">Rapport sur les activit\u00e9s et les comptes de l&rsquo;ann\u00e9e \u00e9coul\u00e9e<\/span><\/span><\/span><\/li>\n<li><span style=\"color: #2d2d2d;\"><span style=\"font-family: Arial,sans-serif;\"><span style=\"font-size: small;\">Fixation du montant des cotisations pour l&rsquo;ann\u00e9e prochaine<\/span><\/span><\/span><\/li>\n<li><span style=\"color: #2d2d2d;\"><span style=\"font-family: Arial,sans-serif;\"><span style=\"font-size: small;\">Projets et besoins pour l&rsquo;ann\u00e9e prochaine<\/span><\/span><\/span><\/li>\n<li><span style=\"color: #2d2d2d;\"><span style=\"font-family: Arial,sans-serif;\"><span style=\"font-size: small;\">Questions diverses<\/span><\/span><\/span><\/li>\n<li><span style=\"color: #2d2d2d;\"><span style=\"font-family: Arial,sans-serif;\"><span style=\"font-size: small;\">\u00c9lection du bureau<\/span><\/span><\/span><\/li>\n<\/ul>\n<p align=\"JUSTIFY\"><span style=\"color: #2d2d2d;\"><span style=\"font-family: Arial,sans-serif;\"><span style=\"font-size: small;\">Cette assembl\u00e9e sera conclue par un pot de l&rsquo;amiti\u00e9.<\/span><\/span><\/span><\/p>\n<p align=\"JUSTIFY\"><span style=\"color: #2d2d2d;\"><span style=\"font-family: Arial,sans-serif;\"><span style=\"font-size: small;\">Les personnes souhaitant pr\u00e9senter leur candidature pour une nomination au Bureau\/Conseil d&rsquo;administration, et celles qui souhaitent inclure des points compl\u00e9mentaires \u00e0 l&rsquo;ordre du jour sont pri\u00e9es de se faire conna\u00eetre aupr\u00e8s des professeurs ou par <a title=\"Contact\" href=\"http:\/\/www.caiad.fr\/?page_id=29\">mail<\/a>.<\/span><\/span><\/span><\/p>\n<p><span style=\"font-size: small;\"><span style=\"font-family: Arial,sans-serif;\"><span style=\"font-size: small;\">Pour \u00e9viter le rush du Forum des associations et vous permettre de participer au groupe le plus adapt\u00e9, tout en profitant du tarif 20111, vous pouvez d&rsquo;ores et d\u00e9j\u00e0 vous r\u00e9inscrire.<\/span><\/span><\/span><\/p>\n","protected":false},"excerpt":{"rendered":"<p>L&rsquo; assembl\u00e9e g\u00e9n\u00e9rale ordinaire du C.A.I.A.D. aura lieu le mercredi 27 juin 2012, \u00e0 19h30, \u00e0 la salle de cours. L&rsquo;ordre du jour sera le suivant : Rapport sur les activit\u00e9s et les comptes de l&rsquo;ann\u00e9e \u00e9coul\u00e9e Fixation du montant des cotisations pour l&rsquo;ann\u00e9e prochaine Projets et besoins pour l&rsquo;ann\u00e9e prochaine Questions diverses \u00c9lection du [&hellip;]<\/p>\n","protected":false},"author":1,"featured_media":0,"comment_status":"closed","ping_status":"closed","sticky":false,"template":"","format":"standard","meta":{"footnotes":""},"categories":[4,9],"tags":[],"class_list":["post-255","post","type-post","status-publish","format-standard","hentry","category-assemblees","category-vie-associative"],"_links":{"self":[{"href":"http:\/\/www.caiad.fr\/index.php?rest_route=\/wp\/v2\/posts\/255","targetHints":{"allow":["GET"]}}],"collection":[{"href":"http:\/\/www.caiad.fr\/index.php?rest_route=\/wp\/v2\/posts"}],"about":[{"href":"http:\/\/www.caiad.fr\/index.php?rest_route=\/wp\/v2\/types\/post"}],"author":[{"embeddable":true,"href":"http:\/\/www.caiad.fr\/index.php?rest_route=\/wp\/v2\/users\/1"}],"replies":[{"embeddable":true,"href":"http:\/\/www.caiad.fr\/index.php?rest_route=%2Fwp%2Fv2%2Fcomments&post=255"}],"version-history":[{"count":2,"href":"http:\/\/www.caiad.fr\/index.php?rest_route=\/wp\/v2\/posts\/255\/revisions"}],"predecessor-version":[{"id":257,"href":"http:\/\/www.caiad.fr\/index.php?rest_route=\/wp\/v2\/posts\/255\/revisions\/257"}],"wp:attachment":[{"href":"http:\/\/www.caiad.fr\/index.php?rest_route=%2Fwp%2Fv2%2Fmedia&parent=255"}],"wp:term":[{"taxonomy":"category","embeddable":true,"href":"http:\/\/www.caiad.fr\/index.php?rest_route=%2Fwp%2Fv2%2Fcategories&post=255"},{"taxonomy":"post_tag","embeddable":true,"href":"http:\/\/www.caiad.fr\/index.php?rest_route=%2Fwp%2Fv2%2Ftags&post=255"}],"curies":[{"name":"wp","href":"https:\/\/api.w.org\/{rel}","templated":true}]}}