{"id":368,"date":"2015-09-01T10:37:14","date_gmt":"2015-09-01T10:37:14","guid":{"rendered":"http:\/\/www.caiad.fr\/?p=368"},"modified":"2015-09-01T10:47:40","modified_gmt":"2015-09-01T10:47:40","slug":"le-nouveau-bureau-a-ete-elu","status":"publish","type":"post","link":"http:\/\/www.caiad.fr\/?p=368","title":{"rendered":"Le bureau pour la saison 2015-2016 a \u00e9t\u00e9 \u00e9lu !"},"content":{"rendered":"<p>Voici les nouveaux membres du bureau :<\/p>\n<h5 style=\"text-align: center;\"><a href=\"http:\/\/www.caiad.fr\/wp-content\/uploads\/2015\/09\/DSC00752.jpg\"><img loading=\"lazy\" decoding=\"async\" class=\"size-medium wp-image-371 alignnone\" src=\"http:\/\/www.caiad.fr\/wp-content\/uploads\/2015\/09\/DSC00752-680x330.jpg\" alt=\"Bureau CAIAD 2015\" width=\"680\" height=\"330\" \/><\/a><span style=\"text-decoration: underline;\"><em>De gauche \u00e0 droite<\/em><\/span><\/h5>\n<h5 style=\"text-align: center;\"><em>Janine : Tr\u00e9sori\u00e8re \/ Simone : Vice-Pr\u00e9sidente \/ Eliane : Vice-Tr\u00e9sori\u00e8re \/ Dominique \/ Fran\u00e7ois : Secr\u00e9taire \/ Brigitte : Vice-Secr\u00e9taire \/ Olivier : Vice-Pr\u00e9sident \/ Sylvain : Pr\u00e9sident<\/em><\/h5>\n<p>Nous serons \u00e0 votre service tout au long de l&rsquo;ann\u00e9e.<\/p>\n","protected":false},"excerpt":{"rendered":"<p>Voici les nouveaux membres du bureau : De gauche \u00e0 droite Janine : Tr\u00e9sori\u00e8re \/ Simone : Vice-Pr\u00e9sidente \/ Eliane : Vice-Tr\u00e9sori\u00e8re \/ Dominique \/ Fran\u00e7ois : Secr\u00e9taire \/ Brigitte : Vice-Secr\u00e9taire \/ Olivier : Vice-Pr\u00e9sident \/ Sylvain : Pr\u00e9sident Nous serons \u00e0 votre service tout au long de l&rsquo;ann\u00e9e.<\/p>\n","protected":false},"author":1,"featured_media":0,"comment_status":"closed","ping_status":"closed","sticky":false,"template":"","format":"standard","meta":{"footnotes":""},"categories":[4,8,9],"tags":[],"class_list":["post-368","post","type-post","status-publish","format-standard","hentry","category-assemblees","category-divers","category-vie-associative"],"_links":{"self":[{"href":"http:\/\/www.caiad.fr\/index.php?rest_route=\/wp\/v2\/posts\/368","targetHints":{"allow":["GET"]}}],"collection":[{"href":"http:\/\/www.caiad.fr\/index.php?rest_route=\/wp\/v2\/posts"}],"about":[{"href":"http:\/\/www.caiad.fr\/index.php?rest_route=\/wp\/v2\/types\/post"}],"author":[{"embeddable":true,"href":"http:\/\/www.caiad.fr\/index.php?rest_route=\/wp\/v2\/users\/1"}],"replies":[{"embeddable":true,"href":"http:\/\/www.caiad.fr\/index.php?rest_route=%2Fwp%2Fv2%2Fcomments&post=368"}],"version-history":[{"count":12,"href":"http:\/\/www.caiad.fr\/index.php?rest_route=\/wp\/v2\/posts\/368\/revisions"}],"predecessor-version":[{"id":385,"href":"http:\/\/www.caiad.fr\/index.php?rest_route=\/wp\/v2\/posts\/368\/revisions\/385"}],"wp:attachment":[{"href":"http:\/\/www.caiad.fr\/index.php?rest_route=%2Fwp%2Fv2%2Fmedia&parent=368"}],"wp:term":[{"taxonomy":"category","embeddable":true,"href":"http:\/\/www.caiad.fr\/index.php?rest_route=%2Fwp%2Fv2%2Fcategories&post=368"},{"taxonomy":"post_tag","embeddable":true,"href":"http:\/\/www.caiad.fr\/index.php?rest_route=%2Fwp%2Fv2%2Ftags&post=368"}],"curies":[{"name":"wp","href":"https:\/\/api.w.org\/{rel}","templated":true}]}}