{"id":400,"date":"2015-07-06T09:35:23","date_gmt":"2015-07-06T09:35:23","guid":{"rendered":"http:\/\/www.caiad.fr\/?p=400"},"modified":"2015-09-06T09:41:56","modified_gmt":"2015-09-06T09:41:56","slug":"assemblee-generale-2015","status":"publish","type":"post","link":"http:\/\/www.caiad.fr\/?p=400","title":{"rendered":"Assembl\u00e9e g\u00e9n\u00e9rale 2015"},"content":{"rendered":"<p>Vous \u00e9tiez toujours aussi nombreux pour notre assembl\u00e9e g\u00e9n\u00e9rale 2015 et tout le bureau vous en remercie chaleureusement.<\/p>\n<p>Comme chaque ann\u00e9e, nous avons pu pr\u00e9senter nos comptes et faire le bilan des activit\u00e9s de la saison 2014-2015.<\/p>\n<p>De nouveaux th\u00e8mes de cours ont \u00e9galement \u00e9t\u00e9 propos\u00e9s et nous avons \u00e9cout\u00e9 vos remarques et demandes.<\/p>\n<p>M. PERNET, maire d&rsquo;Amb\u00e9rieux-en-Dombes, et M. COLOMB, conseiller municipal au sein de la commission vie locale, \u00e9taient \u00e9galement pr\u00e9sents.<\/p>\n<h5 style=\"text-align: center;\"><a href=\"http:\/\/www.caiad.fr\/wp-content\/uploads\/2015\/09\/DSC00404.jpg\"><img loading=\"lazy\" decoding=\"async\" class=\"aligncenter size-large wp-image-398\" src=\"http:\/\/www.caiad.fr\/wp-content\/uploads\/2015\/09\/DSC00404-1024x768.jpg\" alt=\"Le bueau du CAIAD\" width=\"610\" height=\"457\" srcset=\"http:\/\/www.caiad.fr\/wp-content\/uploads\/2015\/09\/DSC00404-1024x768.jpg 1024w, http:\/\/www.caiad.fr\/wp-content\/uploads\/2015\/09\/DSC00404-300x225.jpg 300w, http:\/\/www.caiad.fr\/wp-content\/uploads\/2015\/09\/DSC00404.jpg 1469w\" sizes=\"auto, (max-width: 610px) 100vw, 610px\" \/><\/a><em>Le bureau au grand complet<\/em><\/h5>\n<h5 style=\"text-align: center;\"><img loading=\"lazy\" decoding=\"async\" class=\"aligncenter size-large wp-image-399\" src=\"http:\/\/www.caiad.fr\/wp-content\/uploads\/2015\/09\/DSC00408-1024x768.jpg\" alt=\"Les adh\u00e9rents\" width=\"610\" height=\"457\" srcset=\"http:\/\/www.caiad.fr\/wp-content\/uploads\/2015\/09\/DSC00408-1024x768.jpg 1024w, http:\/\/www.caiad.fr\/wp-content\/uploads\/2015\/09\/DSC00408-300x225.jpg 300w, http:\/\/www.caiad.fr\/wp-content\/uploads\/2015\/09\/DSC00408.jpg 1469w\" sizes=\"auto, (max-width: 610px) 100vw, 610px\" \/><\/h5>\n<h5 style=\"text-align: center;\"><em>Un public nombreux et attentif<br \/>\n<\/em><\/h5>\n","protected":false},"excerpt":{"rendered":"<p>Vous \u00e9tiez toujours aussi nombreux pour notre assembl\u00e9e g\u00e9n\u00e9rale 2015 et tout le bureau vous en remercie chaleureusement. Comme chaque ann\u00e9e, nous avons pu pr\u00e9senter nos comptes et faire le bilan des activit\u00e9s de la saison 2014-2015. De nouveaux th\u00e8mes de cours ont \u00e9galement \u00e9t\u00e9 propos\u00e9s et nous avons \u00e9cout\u00e9 vos remarques et demandes. M. [&hellip;]<\/p>\n","protected":false},"author":1,"featured_media":0,"comment_status":"closed","ping_status":"closed","sticky":false,"template":"","format":"standard","meta":{"footnotes":""},"categories":[4,9],"tags":[],"class_list":["post-400","post","type-post","status-publish","format-standard","hentry","category-assemblees","category-vie-associative"],"_links":{"self":[{"href":"http:\/\/www.caiad.fr\/index.php?rest_route=\/wp\/v2\/posts\/400","targetHints":{"allow":["GET"]}}],"collection":[{"href":"http:\/\/www.caiad.fr\/index.php?rest_route=\/wp\/v2\/posts"}],"about":[{"href":"http:\/\/www.caiad.fr\/index.php?rest_route=\/wp\/v2\/types\/post"}],"author":[{"embeddable":true,"href":"http:\/\/www.caiad.fr\/index.php?rest_route=\/wp\/v2\/users\/1"}],"replies":[{"embeddable":true,"href":"http:\/\/www.caiad.fr\/index.php?rest_route=%2Fwp%2Fv2%2Fcomments&post=400"}],"version-history":[{"count":4,"href":"http:\/\/www.caiad.fr\/index.php?rest_route=\/wp\/v2\/posts\/400\/revisions"}],"predecessor-version":[{"id":404,"href":"http:\/\/www.caiad.fr\/index.php?rest_route=\/wp\/v2\/posts\/400\/revisions\/404"}],"wp:attachment":[{"href":"http:\/\/www.caiad.fr\/index.php?rest_route=%2Fwp%2Fv2%2Fmedia&parent=400"}],"wp:term":[{"taxonomy":"category","embeddable":true,"href":"http:\/\/www.caiad.fr\/index.php?rest_route=%2Fwp%2Fv2%2Fcategories&post=400"},{"taxonomy":"post_tag","embeddable":true,"href":"http:\/\/www.caiad.fr\/index.php?rest_route=%2Fwp%2Fv2%2Ftags&post=400"}],"curies":[{"name":"wp","href":"https:\/\/api.w.org\/{rel}","templated":true}]}}